{"id":1259,"date":"2019-09-19T09:14:31","date_gmt":"2019-09-19T06:14:31","guid":{"rendered":"https:\/\/harjunlaulu.fi\/?p=1259"},"modified":"2026-02-16T16:40:19","modified_gmt":"2026-02-16T14:40:19","slug":"1259","status":"publish","type":"post","link":"https:\/\/harjunlaulu.fi\/?p=1259","title":{"rendered":"Harjun Laulu"},"content":{"rendered":"\n<p><strong>Harjun Laulu<\/strong>\u00a0Jyv\u00e4skyl\u00e4st\u00e4 on\u00a0 tavoitteellisesti harjoitteleva, 80 vuotta t\u00e4ytt\u00e4nyt sekakuoro.\u00a0 Kuoron ohjelmistoon kuuluu perinteisi\u00e4 koti- ja ulkomaisia kuoroteoksia, uutta ja vanhaa, vakavaa ja veike\u00e4\u00e4.\u00a0 Harjun Laulu my\u00f6s tilaa s\u00e4vellyksi\u00e4 lahjakkailta nykys\u00e4velt\u00e4jilt\u00e4. Kahden viime vuoden aikana kuoro on laajentanut ohjelmistoaan rytmimusiikkiin.<\/p>\n\n\n\n<p>Esiinnymme vuosittain&nbsp; joulu- ja kev\u00e4tkonserteissa sek\u00e4 osallistumme Jyv\u00e4skyl\u00e4n kuoroviikon konsertteihin. Teemme muutaman vuoden v\u00e4lein konserttimatkoja ulkomaille esiintyen yst\u00e4vyyskuorojen kanssa. Osallistuimme kes\u00e4kuussa 2022 Sulasolin laulujuhliin&nbsp; Jyv\u00e4skyl\u00e4ss\u00e4. Olimme mukana juhlien j\u00e4rjestelyiss\u00e4 ja osallistuimme tietenkin ikimuistoisiin&nbsp; yhteislaulutapahtumiin.&nbsp;Kev\u00e4\u00e4ll\u00e4 2023 ja 2024 osallistuimme maailman ensimm\u00e4isiin Choirs for Ecocide Law -konsertteihin, joiden tavoitteena on luonnontuhontalain tunnetuksi tekeminen musiikin ja taiteen keinoin.<\/p>\n\n\n\n<p>Juhlavuonna 2025 vierailimme Kajaanissa Kaukamets\u00e4n Kamarikuoron vieraana yst\u00e4v\u00e4np\u00e4iv\u00e4n viikonloppuna 15.-16.2.2025 . Vapun avasimme yhdess\u00e4 Jyv\u00e4skyl\u00e4n Ty\u00f6v\u00e4enyhdistyksen kuoron Aallon Laulajien kanssa 27.4.2025 Aalto-salissa. Juhlavuosi huipentui konserttiin 15.11.2025 KulttuuriSuojassa, joka on Alvar Aallon suunnitteleman Valtiontalon juhlasali. Upeasti entis\u00f6ity sali otettiin k\u00e4ytt\u00f6\u00f6n 1.12.2024.<\/p>\n\n\n\n<p>Samaan saliin saimme vieraaksemme Kaukamets\u00e4n kamarikuoron yst\u00e4v\u00e4np\u00e4iv\u00e4konsertissa 14.2.2026.<\/p>\n\n\n\n<p><strong>Tervetuloa laulamaan!<\/strong><\/p>\n\n\n\n<p>Kuoro harjoittelee keskiviikkoisin klo 18 \u2013 21 <a href=\"https:\/\/www.jko.fi\/\" target=\"_blank\" rel=\"noreferrer noopener\">Jyv\u00e4skyl\u00e4n kristillisell\u00e4 opistolla<\/a>, Sulkulantie 28. Kuorossa on 30 laulajaa.<\/p>\n\n\n\n<p>Toivotamme sek\u00e4 entiset ett\u00e4 uudet laulajat tervetulleiksi mukaan. Luvassa on monenlaista musiikkitoimintaa ja uusia laulullisia avauksia. Uutena laulajana voit aina tulla aluksi vain&nbsp;kuuntelemaan&nbsp; harjoituksia ja tutustumaan kuoroon ja sen ohjelmistoon.&nbsp;Erityisen hyvin se onnistuu syksyn alussa j\u00e4rjestett\u00e4v\u00e4ss\u00e4 maksuttomassa kuorokoulussa.<\/p>\n\n\n\n<p><strong>Laulusta voimaa &#8211; ja yhteislaulusta etenkin<\/strong><\/p>\n\n\n\n<p>Harjun Laulu jakaa aktiivisesti yhteislaulun ilosanomaa. T\u00e4st\u00e4 esimerkkin\u00e4 ovat kuoron kaksi yhteislaululevy\u00e4 Laulusta voimaa 1 ja 2, joita k\u00e4ytet\u00e4\u00e4n kuoron yhteislaulukeikoilla eri puolelle Suomea ja my\u00f6s ulkomailla asuvien suomalaisten keskuudessa. <\/p>\n\n\n\n<figure class=\"wp-block-image size-full is-resized\"><a href=\"https:\/\/harjunlaulu.fi\/wp-content\/uploads\/2025\/01\/Sammonkodin-logo.png\"><img loading=\"lazy\" decoding=\"async\" width=\"905\" height=\"761\" src=\"https:\/\/harjunlaulu.fi\/wp-content\/uploads\/2025\/01\/Sammonkodin-logo.png\" alt=\"\" class=\"wp-image-1987\" style=\"width:84px;height:auto\" srcset=\"https:\/\/harjunlaulu.fi\/wp-content\/uploads\/2025\/01\/Sammonkodin-logo.png 905w, https:\/\/harjunlaulu.fi\/wp-content\/uploads\/2025\/01\/Sammonkodin-logo-300x252.png 300w, https:\/\/harjunlaulu.fi\/wp-content\/uploads\/2025\/01\/Sammonkodin-logo-768x646.png 768w\" sizes=\"auto, (max-width: 905px) 100vw, 905px\" \/><\/a><\/figure>\n\n\n\n<p>Jyv\u00e4skyl\u00e4l\u00e4isen Sammonkodin s\u00e4\u00e4ti\u00f6n apurahan avulla kuoro j\u00e4rjest\u00e4\u00e4 juhlavuoden aikana  yhteislaulutilaisuuksia ja musiikillisia muistelutuokioita s\u00e4\u00e4ti\u00f6n asukkaille. Tilaisuuksiin kutsutaan mukaan my\u00f6s l\u00e4hiymp\u00e4rist\u00f6n asukkaita.<\/p>\n\n\n\n<figure class=\"wp-block-image size-large is-resized\"><a href=\"https:\/\/harjunlaulu.fi\/wp-content\/uploads\/2023\/11\/AP_logoRGB.jpg\"><img loading=\"lazy\" decoding=\"async\" width=\"1024\" height=\"341\" src=\"https:\/\/harjunlaulu.fi\/wp-content\/uploads\/2023\/11\/AP_logoRGB-1024x341.jpg\" alt=\"\" class=\"wp-image-1840\" style=\"width:144px;height:auto\" srcset=\"https:\/\/harjunlaulu.fi\/wp-content\/uploads\/2023\/11\/AP_logoRGB-1024x341.jpg 1024w, https:\/\/harjunlaulu.fi\/wp-content\/uploads\/2023\/11\/AP_logoRGB-300x100.jpg 300w, https:\/\/harjunlaulu.fi\/wp-content\/uploads\/2023\/11\/AP_logoRGB-768x256.jpg 768w, https:\/\/harjunlaulu.fi\/wp-content\/uploads\/2023\/11\/AP_logoRGB-1536x512.jpg 1536w, https:\/\/harjunlaulu.fi\/wp-content\/uploads\/2023\/11\/AP_logoRGB-2048x683.jpg 2048w\" sizes=\"auto, (max-width: 1024px) 100vw, 1024px\" \/><\/a><\/figure>\n\n\n\n<p>Vuonna 2024 Alli Paasikiven S\u00e4\u00e4ti\u00f6n tuki apurahalla kuoron Laulusta voimaa -toimintaa. Apurahan turvin vuoden aikana aikana j\u00e4rjestettiin lasten ja vanhusten tunnin kest\u00e4v\u00e4\u00e4 laulu- ja leikkituokiota teemana Lapset ja vanhat yhdess\u00e4 laulamaan. Tilaisuuksissa lapset opettivat nykyp\u00e4iv\u00e4n lastenlauluja ik\u00e4\u00e4ntyneille ja vanhempi v\u00e4ki puolestaan vanhoja lastenlauluja ja laululeikkej\u00e4 lapsille.<\/p>\n\n\n\n<hr class=\"wp-block-separator has-css-opacity\"\/>\n\n\n\n<hr class=\"wp-block-separator has-css-opacity\"\/>\n\n\n<hr \/>\n\n\n<p><\/p>\n","protected":false},"excerpt":{"rendered":"<p>Harjun Laulu\u00a0Jyv\u00e4skyl\u00e4st\u00e4 on\u00a0 tavoitteellisesti harjoitteleva, 80 vuotta t\u00e4ytt\u00e4nyt sekakuoro.\u00a0 Kuoron ohjelmistoon kuuluu perinteisi\u00e4 koti- ja ulkomaisia kuoroteoksia, uutta ja vanhaa, vakavaa ja veike\u00e4\u00e4.\u00a0 Harjun Laulu my\u00f6s tilaa s\u00e4vellyksi\u00e4 lahjakkailta nykys\u00e4velt\u00e4jilt\u00e4. Kahden viime vuoden aikana kuoro on laajentanut ohjelmistoaan rytmimusiikkiin. Esiinnymme &hellip; <a href=\"https:\/\/harjunlaulu.fi\/?p=1259\">Lue loppuun <span class=\"meta-nav\">&rarr;<\/span><\/a><\/p>\n","protected":false},"author":1,"featured_media":0,"comment_status":"closed","ping_status":"closed","sticky":false,"template":"","format":"standard","meta":{"footnotes":""},"categories":[1],"tags":[],"class_list":["post-1259","post","type-post","status-publish","format-standard","hentry","category-yleinen"],"_links":{"self":[{"href":"https:\/\/harjunlaulu.fi\/index.php?rest_route=\/wp\/v2\/posts\/1259","targetHints":{"allow":["GET"]}}],"collection":[{"href":"https:\/\/harjunlaulu.fi\/index.php?rest_route=\/wp\/v2\/posts"}],"about":[{"href":"https:\/\/harjunlaulu.fi\/index.php?rest_route=\/wp\/v2\/types\/post"}],"author":[{"embeddable":true,"href":"https:\/\/harjunlaulu.fi\/index.php?rest_route=\/wp\/v2\/users\/1"}],"replies":[{"embeddable":true,"href":"https:\/\/harjunlaulu.fi\/index.php?rest_route=%2Fwp%2Fv2%2Fcomments&post=1259"}],"version-history":[{"count":71,"href":"https:\/\/harjunlaulu.fi\/index.php?rest_route=\/wp\/v2\/posts\/1259\/revisions"}],"predecessor-version":[{"id":2100,"href":"https:\/\/harjunlaulu.fi\/index.php?rest_route=\/wp\/v2\/posts\/1259\/revisions\/2100"}],"wp:attachment":[{"href":"https:\/\/harjunlaulu.fi\/index.php?rest_route=%2Fwp%2Fv2%2Fmedia&parent=1259"}],"wp:term":[{"taxonomy":"category","embeddable":true,"href":"https:\/\/harjunlaulu.fi\/index.php?rest_route=%2Fwp%2Fv2%2Fcategories&post=1259"},{"taxonomy":"post_tag","embeddable":true,"href":"https:\/\/harjunlaulu.fi\/index.php?rest_route=%2Fwp%2Fv2%2Ftags&post=1259"}],"curies":[{"name":"wp","href":"https:\/\/api.w.org\/{rel}","templated":true}]}}